{"id":3946,"date":"2014-02-18T15:15:10","date_gmt":"2014-02-18T14:15:10","guid":{"rendered":"https:\/\/www.boutique-jourdefete.com\/blog\/?p=3946"},"modified":"2018-10-17T16:52:21","modified_gmt":"2018-10-17T14:52:21","slug":"tutoriel-maquillage-princesse-des-glaces","status":"publish","type":"post","link":"https:\/\/www.boutique-jourdefete.com\/blog\/deguisements\/tutoriel-maquillage-princesse-des-glaces\/","title":{"rendered":"Tutoriel : Maquillage Princesse des Glaces"},"content":{"rendered":"<p style=\"text-align: right;\">Retrouvez tout le <a title=\"Voir tout le maquillage\" href=\"https:\/\/www.boutique-jourdefete.com\/deguisements\/accessoires-de-deguisement\/maquillage.html\">n\u00e9cessaire \u00e0 maquillage<\/a> dans notre boutique<\/p>\n<p><strong><strong><img loading=\"lazy\" decoding=\"async\" title=\"maquillage princesse des glaces \u00e9tape 3\" src=\"https:\/\/www.boutique-jourdefete.com\/blog\/wp-content\/uploads\/2014\/02\/maquillage-princesse3-530x467.jpg\" alt=\"maquillage princesse des glaces \u00e9tape 3\" width=\"530\" height=\"467\" \/><\/strong><\/strong><br \/>\n<strong><strong><br \/>\n<\/strong><\/strong><\/p>\n<h2>Maquillages de Carnaval : Princesse des Glaces<\/h2>\n<p><em>Un maquillage tout en douceur pour transformer les petites filles en v\u00e9ritables princesses des neiges !<br \/>\n<\/em><br \/>\n<strong>Niveau :<\/strong> Facile <img loading=\"lazy\" decoding=\"async\" class=\"alignnone\" title=\"1357315679_001_15\" src=\"https:\/\/www.boutique-jourdefete.com\/blog\/wp-content\/uploads\/2013\/01\/1357315679_001_15.png\" alt=\"\" width=\"24\" height=\"24\" \/><img loading=\"lazy\" decoding=\"async\" title=\"1357315679_001_15\" src=\"https:\/\/www.boutique-jourdefete.com\/blog\/wp-content\/uploads\/2013\/01\/1357315679_001_15.png\" alt=\"\" width=\"24\" height=\"24\" \/><img loading=\"lazy\" decoding=\"async\" class=\"alignnone\" title=\"1357315696_001_17\" src=\"https:\/\/www.boutique-jourdefete.com\/blog\/wp-content\/uploads\/2013\/01\/1357315696_001_17.gif\" alt=\"\" width=\"24\" height=\"24\" \/><img loading=\"lazy\" decoding=\"async\" title=\"1357315696_001_17\" src=\"https:\/\/www.boutique-jourdefete.com\/blog\/wp-content\/uploads\/2013\/01\/1357315696_001_17.gif\" alt=\"\" width=\"24\" height=\"24\" \/><br \/>\n<span style=\"text-decoration: underline;\">Pour r\u00e9aliser ce maquillage il vous faut :<\/span><\/p>\n<ul>\n<li>&#8211; un <a href=\"https:\/\/www.boutique-jourdefete.com\/deguisements\/accessoires-de-deguisement\/maquillage\/fard-de-maquillage-rouge-rubis-grim-tout-pro-9948.html\">fard \u00e0 maquillage blanc<\/a><\/li>\n<li>&#8211; un <a href=\"https:\/\/www.boutique-jourdefete.com\/deguisements\/accessoires-de-deguisement\/maquillage\/fard-maquillage-violet.html\">fard \u00e0 maquillage violet<\/a><\/li>\n<li>&#8211; un fard \u00e0 maquillage rose<\/li>\n<li>&#8211; un <a href=\"https:\/\/www.boutique-jourdefete.com\/deguisements\/accessoires-de-deguisement\/maquillage\/fard-de-maquillage-rouge-rubis-grim-tout-pro-9976.html\">pinceau<\/a><\/li>\n<li>&#8211; une <a href=\"https:\/\/www.boutique-jourdefete.com\/fard-de-maquillage-rouge-rubis-grim-tout-pro-9977.html\">\u00e9ponge<\/a><\/li>\n<li>&#8211; un <a href=\"https:\/\/www.boutique-jourdefete.com\/deguisements\/accessoires-de-deguisement\/maquillage\/kit-conte-de-fee-a-fabriquer-9968.html\">Pochoir princesse<\/a> (optionnel)<\/li>\n<\/ul>\n<p>Un <a href=\"https:\/\/www.boutique-jourdefete.com\/deguisements\/accessoires-de-deguisement\/maquillage\/palette-maquillage-papillon-grim-tout.html\">kit de maquillage<\/a> peut \u00e9galement faire l&rsquo;affaire.<br \/>\n<span style=\"text-decoration: underline;\">Conseils :<\/span> Attention ! Si votre enfant est sujet \u00e0 des allergies, essayez d&rsquo;appliquer un peu de fard sur un bras pour tester la r\u00e9action de la peau avant de r\u00e9aliser le maquillage. Pr\u00e9f\u00e9rez les maquillages \u00e0 l&rsquo;eau, ils s&rsquo;enl\u00e8vent plus facilement !<br \/>\n<span style=\"text-decoration: underline;\"><strong>Etape 1 :<\/strong><\/span><br \/>\nCommencez par tamponner tr\u00e8s l\u00e9g\u00e8rement le visage de fard \u00e0 l\u2019eau violet \u00e0 l\u2019\u00e9ponge humide. De la m\u00eame fa\u00e7on, recouvrez le visage d\u2019un peu de Blanc . La r\u00e9ussite de ce maquillage r\u00e9side dans la l\u00e9g\u00e8ret\u00e9 de cette ombre de couleur\u00a0!<br \/>\n<img loading=\"lazy\" decoding=\"async\" class=\"aligncenter size-medium wp-image-3947\" title=\"maquillage de princesse des glaces \u00e9tape 1\" src=\"https:\/\/www.boutique-jourdefete.com\/blog\/wp-content\/uploads\/2014\/02\/maquillage-princesse1-530x467.jpg\" alt=\"maquillage de princesse des glaces \u00e9tape 1\" width=\"530\" height=\"467\" \/><br \/>\n<span style=\"text-decoration: underline;\"><strong>Etape 2 :<\/strong><\/span><br \/>\nSoulignez les paupi\u00e8res de Rose Vif \u00e0 l\u2019\u00e9ponge.<br \/>\nAvec un pinceau fin, appliquez des touches d\u00e9licates de fard \u00e0 l\u2019eau blanc, en partant du coin des yeux pour remonter sur le front. Dessinez quelques \u00e9toiles sur le front, puis tracez quelques points blancs autour du nez.<br \/>\n<img loading=\"lazy\" decoding=\"async\" class=\"aligncenter size-medium wp-image-3948\" title=\"maquillage de princesse des glaces \u00e9tape 2\" src=\"https:\/\/www.boutique-jourdefete.com\/blog\/wp-content\/uploads\/2014\/02\/maquillage-princesse2-530x467.jpg\" alt=\"maquillage de princesse des glaces \u00e9tape 2\" width=\"530\" height=\"467\" \/><br \/>\n<span style=\"text-decoration: underline;\"><strong>Etape 3 <strong><strong>:<\/strong><\/strong><strong><\/strong><\/strong><\/span><br \/>\nAu pinceau, dessinez un flocon blanc entre les deux yeux. Ajoutez une \u00e9toile sur chaque joue et peignez les l\u00e8vres en violet. Illuminez le tout avec du gel paillet\u00e9 mauve appos\u00e9 au pinceau.<br \/>\n<span style=\"text-decoration: underline;\"><strong><strong><img loading=\"lazy\" decoding=\"async\" class=\"aligncenter size-medium wp-image-3949\" title=\"maquillage princesse des glaces \u00e9tape 3\" src=\"https:\/\/www.boutique-jourdefete.com\/blog\/wp-content\/uploads\/2014\/02\/maquillage-princesse3-530x467.jpg\" alt=\"maquillage princesse des glaces \u00e9tape 3\" width=\"530\" height=\"467\" \/><\/strong><\/strong><\/span><br \/>\n&nbsp;<\/p>\n<p style=\"text-align: center;\">Votre maquillage est il r\u00e9ussi ? N&rsquo;h\u00e9sitez pas \u00e0 nous envoyer vos photos de maquillage termin\u00e9, nous nous ferons un plaisir de les publier sur notre blog ! Joyeux Carnaval et \u00e0 bient\u00f4t pour d&rsquo;autres tutoriels !<\/p>\n<p style=\"text-align: center;\">Sources : http:\/\/www.grimtout.com<\/p>\n","protected":false},"excerpt":{"rendered":"<p>Retrouvez tout le n\u00e9cessaire \u00e0 maquillage dans notre boutique Maquillages de Carnaval : Princesse des Glaces Un maquillage tout en douceur pour transformer les petites filles en v\u00e9ritables princesses des neiges ! Niveau : Facile Pour r\u00e9aliser ce maquillage il vous faut : &#8211; un fard \u00e0 maquillage blanc &#8211; un fard \u00e0 maquillage violet [&hellip;]<\/p>\n","protected":false},"author":3,"featured_media":3949,"comment_status":"open","ping_status":"open","sticky":false,"template":"","format":"standard","meta":{"_acf_changed":false,"footnotes":""},"categories":[458,456],"tags":[],"class_list":["post-3946","post","type-post","status-publish","format-standard","has-post-thumbnail","hentry","category-astuces","category-deguisements"],"acf":[],"_links":{"self":[{"href":"https:\/\/www.boutique-jourdefete.com\/blog\/wp-json\/wp\/v2\/posts\/3946","targetHints":{"allow":["GET"]}}],"collection":[{"href":"https:\/\/www.boutique-jourdefete.com\/blog\/wp-json\/wp\/v2\/posts"}],"about":[{"href":"https:\/\/www.boutique-jourdefete.com\/blog\/wp-json\/wp\/v2\/types\/post"}],"author":[{"embeddable":true,"href":"https:\/\/www.boutique-jourdefete.com\/blog\/wp-json\/wp\/v2\/users\/3"}],"replies":[{"embeddable":true,"href":"https:\/\/www.boutique-jourdefete.com\/blog\/wp-json\/wp\/v2\/comments?post=3946"}],"version-history":[{"count":1,"href":"https:\/\/www.boutique-jourdefete.com\/blog\/wp-json\/wp\/v2\/posts\/3946\/revisions"}],"predecessor-version":[{"id":6643,"href":"https:\/\/www.boutique-jourdefete.com\/blog\/wp-json\/wp\/v2\/posts\/3946\/revisions\/6643"}],"wp:featuredmedia":[{"embeddable":true,"href":"https:\/\/www.boutique-jourdefete.com\/blog\/wp-json\/"}],"wp:attachment":[{"href":"https:\/\/www.boutique-jourdefete.com\/blog\/wp-json\/wp\/v2\/media?parent=3946"}],"wp:term":[{"taxonomy":"category","embeddable":true,"href":"https:\/\/www.boutique-jourdefete.com\/blog\/wp-json\/wp\/v2\/categories?post=3946"},{"taxonomy":"post_tag","embeddable":true,"href":"https:\/\/www.boutique-jourdefete.com\/blog\/wp-json\/wp\/v2\/tags?post=3946"}],"curies":[{"name":"wp","href":"https:\/\/api.w.org\/{rel}","templated":true}]}}