{"id":9500,"date":"2021-05-21T09:00:00","date_gmt":"2021-05-21T07:00:00","guid":{"rendered":"https:\/\/www.boutique-jourdefete.com\/blog\/?p=9500"},"modified":"2021-05-21T15:25:57","modified_gmt":"2021-05-21T13:25:57","slug":"fete-eco-responsable","status":"publish","type":"post","link":"https:\/\/www.boutique-jourdefete.com\/blog\/anniversaire\/fete-eco-responsable\/","title":{"rendered":"Une f\u00eate \u00e9co-responsable et jolie, c&rsquo;est possible !"},"content":{"rendered":"\n<p>Qui a dit que la vaisselle jetable n\u2019\u00e9tait pas respectueuse de l\u2019environnement ? Jour de F\u00eate vous propose d\u00e9sormais une large gamme de <strong>vaisselle \u00e9co-responsable<\/strong> et <strong>biod\u00e9gradable <\/strong>qui conviendra pour tous vos \u00e9v\u00e9nements festifs et c\u00e9r\u00e9monies. Retrouvez donc sur cette page notre s\u00e9lection de <a href=\"https:\/\/www.boutique-jourdefete.com\/vaisselle-jetable\/vaisselle-jetable-ecologique\/\"><strong>vaisselle jetable \u00e9cologique<\/strong><\/a> dont m\u00eame les packagings et emballages sont recyclables. Ces \u00e9co-mat\u00e9riaux repr\u00e9sentent donc une alternative efficace \u00e0 la vaisselle en plastique tout en restant jetables.<\/p>\n\n\n\n<h2 class=\"wp-block-heading\"><strong>Une d\u00e9co repens\u00e9e !&nbsp;<\/strong><\/h2>\n\n\n\n<p>Un nouveau type de vaisselle <strong>biod\u00e9gradable <\/strong>a fait son apparition chez Jour de F\u00eate. Il s\u2019agit d\u2019une vaisselle jetable recyclable en bois de bambou ou de bouleau non blanchi. Ces couverts biod\u00e9gradables, plats \u00e9cologiques et assiettes recyclables sont r\u00e9sistants et neutres en go\u00fbt. En outre, leur mati\u00e8re naturelle s\u2019accordera parfaitement avec un th\u00e8me champ\u00eatre, rustique ou boh\u00e8me\u2026<\/p>\n\n\n\n<p>Aussi, il existe de la vaisselle jetable \u00e9cologique en carton non blanchi. Ainsi, les gobelets biod\u00e9gradables \u00ab Pure \u00bb sont en carton au rev\u00eatement biologique avec une couche interne en PLA. Ces verres \u00e9cologiques sont compostables et recyclables. De plus, gr\u00e2ce \u00e0 leur cannelure ext\u00e9rieure ils offrent une isolation parfaite de la chaleur. Ces gobelets pr\u00e9sentent donc le double avantage de maintenir votre boisson chaude plus longtemps tout en vous pr\u00e9servant de la chaleur.<\/p>\n\n\n\n<p>Ces deux types de vaisselle recyclable r\u00e9pondent bien entendu aux <strong>normes FSC et TUV<\/strong>.<\/p>\n\n\n\n<p>Et si pour une fois vous mettiez de c\u00f4t\u00e9 les gobelets en plastique et autres vaisselle en plastique ? Penchez-vous sur une gamme plus respectueuse de notre environnement et adapt\u00e9e au contact alimentaire.&nbsp;<\/p>\n\n\n\n<h2 class=\"wp-block-heading\"><strong>Faites r\u00eaver en responsabilisant !&nbsp;<\/strong><\/h2>\n\n\n\n<div class=\"wp-block-image\"><figure class=\"alignleft size-large\"><img loading=\"lazy\" decoding=\"async\" width=\"1024\" height=\"253\" src=\"https:\/\/www.boutique-jourdefete.com\/blog\/wp-content\/uploads\/2021\/05\/Licences-Ecoresponsable-Article-Blog-1024x253.png\" alt=\"Licences-Ecoresponsable-Article-Blog\" class=\"wp-image-9509\" srcset=\"https:\/\/www.boutique-jourdefete.com\/blog\/wp-content\/uploads\/2021\/05\/Licences-Ecoresponsable-Article-Blog-1024x253.png 1024w, https:\/\/www.boutique-jourdefete.com\/blog\/wp-content\/uploads\/2021\/05\/Licences-Ecoresponsable-Article-Blog-300x74.png 300w, https:\/\/www.boutique-jourdefete.com\/blog\/wp-content\/uploads\/2021\/05\/Licences-Ecoresponsable-Article-Blog-768x190.png 768w, https:\/\/www.boutique-jourdefete.com\/blog\/wp-content\/uploads\/2021\/05\/Licences-Ecoresponsable-Article-Blog-1536x380.png 1536w, https:\/\/www.boutique-jourdefete.com\/blog\/wp-content\/uploads\/2021\/05\/Licences-Ecoresponsable-Article-Blog-2048x506.png 2048w\" sizes=\"auto, (max-width: 1024px) 100vw, 1024px\" \/><\/figure><\/div>\n\n\n\n<p>Qui a dit qu\u2019on ne pouvait pas aimer les princesses et l\u2019<strong>\u00e9cologie<\/strong> ? Vous pouvez tout \u00e0 fait organiser un anniversaire de princesse \u00e0 votre fille avec notre gamme Princesses Disney, superbe \u00e0 l&rsquo;effigie de Belle, Ariel, Cendrillon, Raiponce et les autres. Et si vous vous souciez de l&rsquo;environnement, ce lot de <a href=\"https:\/\/www.boutique-jourdefete.com\/princess-fabulous-gobelet-carton-fsc-25-cl-compostable-x8\/\">8 gobelets en carton<\/a> sera parfait car les verres sont recyclables et aux <strong>normes FSC\u00ae<\/strong>, id\u00e9ales pour faire un geste pour la plan\u00e8te tout en faisant une f\u00eate magnifique pour votre fille et ses copines.<\/p>\n\n\n\n<p>M\u00eame les Avengers, Spiderman, Minnie, et beaucoup d\u2019autres pensent \u00e0 la plan\u00e8te ! Retrouvez nos gammes <a href=\"https:\/\/www.boutique-jourdefete.com\/catalogsearch\/result\/?q=FSC\">Licences \u00e9co-responsables<\/a> pour des anniversaires r\u00e9ussis tout en s\u2019engageant envers notre environnement. Pourquoi ne pas suivre cette d\u00e9marche \u00e9galement ?<\/p>\n\n\n\n<h2 class=\"wp-block-heading\"><strong>Une d\u00e9co \u00e9co-responsable et remplie de couleurs !&nbsp;<\/strong><\/h2>\n\n\n\n<div class=\"wp-block-image\"><figure class=\"alignleft size-large\"><img loading=\"lazy\" decoding=\"async\" width=\"1024\" height=\"253\" src=\"https:\/\/www.boutique-jourdefete.com\/blog\/wp-content\/uploads\/2021\/05\/Vaisselle-Ecoresponsable-Article-Blog-1024x253.png\" alt=\"Vaisselle-Ecoresponsable-Article-Blog\" class=\"wp-image-9507\" srcset=\"https:\/\/www.boutique-jourdefete.com\/blog\/wp-content\/uploads\/2021\/05\/Vaisselle-Ecoresponsable-Article-Blog-1024x253.png 1024w, https:\/\/www.boutique-jourdefete.com\/blog\/wp-content\/uploads\/2021\/05\/Vaisselle-Ecoresponsable-Article-Blog-300x74.png 300w, https:\/\/www.boutique-jourdefete.com\/blog\/wp-content\/uploads\/2021\/05\/Vaisselle-Ecoresponsable-Article-Blog-768x190.png 768w, https:\/\/www.boutique-jourdefete.com\/blog\/wp-content\/uploads\/2021\/05\/Vaisselle-Ecoresponsable-Article-Blog-1536x380.png 1536w, https:\/\/www.boutique-jourdefete.com\/blog\/wp-content\/uploads\/2021\/05\/Vaisselle-Ecoresponsable-Article-Blog-2048x506.png 2048w\" sizes=\"auto, (max-width: 1024px) 100vw, 1024px\" \/><\/figure><\/div>\n\n\n\n<p>La <strong>vaisselle jetable \u00e9co-responsable<\/strong> n\u2019est pas exclusivement couleur kraft. Pensez au fait que vous pouvez organiser une belle f\u00eate avec de la d\u00e9co respectueuse de l\u2019environnement et y mettre de la couleur ! Du rose, du bleu, du jaune, du rouge, du vert,.. Retrouvez un large choix de couleurs dans les gobelets, assiettes et serviettes pour un \u00e9v\u00e9nement r\u00e9ussi. Que ce soit pour un mariage, un bapt\u00eame, une communion, ou m\u00eame un barbecue dans votre jardin, vous pouvez miser sur une d\u00e9coration \u00e9cologique.&nbsp;<\/p>\n\n\n\n<p>Profitez-en \u00e9galement pour en parler autour de vous. Faites passer le message : respecter la biodiversit\u00e9 en toute simplicit\u00e9 en utilisant de la <strong>vaisselle \u00e9co-responsable<\/strong>. Votre \u00e9v\u00e9nement ne sera que plus&nbsp; beau : de part sa r\u00e9ussite, sa beaut\u00e9 et sa d\u00e9marche \u00e9cologique !&nbsp;<\/p>\n\n\n\n<h2 class=\"wp-block-heading\"><strong>Passez un doux moment !&nbsp;<\/strong><\/h2>\n\n\n\n<p>Partant pour montrer \u00e0 vos proches vos convictions ? Respectez, riez et profitez de votre bel \u00e9v\u00e9nement donc vos invit\u00e9s se souviendront !&nbsp;<\/p>\n\n\n\n<p>Pour ne rien manquer de notre actualit\u00e9, vous pouvez nous suivre sur les r\u00e9seaux sociaux : <a href=\"https:\/\/www.facebook.com\/jourdefete\">Facebook<\/a>,&nbsp;<a href=\"https:\/\/www.instagram.com\/jourdefete\/\">Instagram<\/a>,&nbsp;<a href=\"https:\/\/www.youtube.com\/user\/JourDeFeteTV\">YouTube<\/a>,&nbsp;<a href=\"https:\/\/twitter.com\/jourdefete_com\">Twitter&nbsp;<\/a>et&nbsp;<a href=\"https:\/\/www.pinterest.fr\/jourdefetefr\">Pinterest<\/a>.<\/p>\n","protected":false},"excerpt":{"rendered":"<p>Qui a dit que la vaisselle jetable n\u2019\u00e9tait pas respectueuse de l\u2019environnement ? Jour de F\u00eate vous propose d\u00e9sormais une large gamme de vaisselle \u00e9co-responsable et biod\u00e9gradable qui conviendra pour tous vos \u00e9v\u00e9nements festifs et c\u00e9r\u00e9monies. Retrouvez donc sur cette page notre s\u00e9lection de vaisselle jetable \u00e9cologique dont m\u00eame les packagings et emballages sont recyclables. [&hellip;]<\/p>\n","protected":false},"author":3,"featured_media":9506,"comment_status":"closed","ping_status":"closed","sticky":false,"template":"","format":"standard","meta":{"_acf_changed":false,"footnotes":""},"categories":[2],"tags":[],"class_list":["post-9500","post","type-post","status-publish","format-standard","has-post-thumbnail","hentry","category-anniversaire"],"acf":[],"_links":{"self":[{"href":"https:\/\/www.boutique-jourdefete.com\/blog\/wp-json\/wp\/v2\/posts\/9500","targetHints":{"allow":["GET"]}}],"collection":[{"href":"https:\/\/www.boutique-jourdefete.com\/blog\/wp-json\/wp\/v2\/posts"}],"about":[{"href":"https:\/\/www.boutique-jourdefete.com\/blog\/wp-json\/wp\/v2\/types\/post"}],"author":[{"embeddable":true,"href":"https:\/\/www.boutique-jourdefete.com\/blog\/wp-json\/wp\/v2\/users\/3"}],"replies":[{"embeddable":true,"href":"https:\/\/www.boutique-jourdefete.com\/blog\/wp-json\/wp\/v2\/comments?post=9500"}],"version-history":[{"count":7,"href":"https:\/\/www.boutique-jourdefete.com\/blog\/wp-json\/wp\/v2\/posts\/9500\/revisions"}],"predecessor-version":[{"id":9510,"href":"https:\/\/www.boutique-jourdefete.com\/blog\/wp-json\/wp\/v2\/posts\/9500\/revisions\/9510"}],"wp:featuredmedia":[{"embeddable":true,"href":"https:\/\/www.boutique-jourdefete.com\/blog\/wp-json\/wp\/v2\/media\/9506"}],"wp:attachment":[{"href":"https:\/\/www.boutique-jourdefete.com\/blog\/wp-json\/wp\/v2\/media?parent=9500"}],"wp:term":[{"taxonomy":"category","embeddable":true,"href":"https:\/\/www.boutique-jourdefete.com\/blog\/wp-json\/wp\/v2\/categories?post=9500"},{"taxonomy":"post_tag","embeddable":true,"href":"https:\/\/www.boutique-jourdefete.com\/blog\/wp-json\/wp\/v2\/tags?post=9500"}],"curies":[{"name":"wp","href":"https:\/\/api.w.org\/{rel}","templated":true}]}}