{"id":9934,"date":"2022-12-05T12:20:17","date_gmt":"2022-12-05T11:20:17","guid":{"rendered":"https:\/\/www.boutique-jourdefete.com\/blog\/?p=9934"},"modified":"2023-11-09T14:54:40","modified_gmt":"2023-11-09T13:54:40","slug":"comment-feter-la-saint-nicolas","status":"publish","type":"post","link":"https:\/\/www.boutique-jourdefete.com\/blog\/deguisements\/comment-feter-la-saint-nicolas\/","title":{"rendered":"Comment f\u00eater la Saint Nicolas ?"},"content":{"rendered":"\n<p>La Saint Nicolas qu&rsquo;est-ce-que c&rsquo;est ? C&rsquo;est une f\u00eate qui ressemble \u00e0 la veill\u00e9e du 24 D\u00e9cembre o\u00f9 notre cher P\u00e8re No\u00ebl passe dans chaque maison apporter des cadeaux aux enfants sages. Un \u00e9v\u00eaque devenu le plus grand des Saints-Patrons qui r\u00e9compense les plus sages des bambins.<\/p>\n\n\n\n<h2 class=\"wp-block-heading\">Quand f\u00eate t-on la Saint Nicolas ?<\/h2>\n\n\n\n<p>Cette f\u00eate \u00e0 la base d&rsquo;origine religieuse se f\u00eate dans la nuit du 05 au 06 D\u00e9cembre de chaque ann\u00e9e. Comme notre P\u00e8re No\u00ebl, il est un bienfaiteur qui r\u00e9compense uniquement les enfants sages avec des sucreries et gourmandises. Tr\u00e8s souvent accompagn\u00e9 du P\u00e8re Fouettard, qui se chargera des enfants les plus r\u00e9calcitrants ou les plus d\u00e9sob\u00e9issants&#8230;<\/p>\n\n\n\n<h3 class=\"wp-block-heading\">O\u00f9 f\u00eate t&rsquo;on la Saint Nicolas en France ?<\/h3>\n\n\n\n<p>La Saint-Nicolas est f\u00eat\u00e9e traditionnellement dans le Nord et l&rsquo;Est de la France. Dans les d\u00e9partements du Haut et Bas-Rhin, Meuse, Moselle, Vosges, Meurthe, les Ardennes, l&rsquo;Aisne, Nord, l&rsquo;Oise, le Pas-de-Calais, la Somme, La Haute-Sa\u00f4ne, le Doubs, le Jura et le Territoire de Belfort. <\/p>\n\n\n\n<p>Cependant cela reste une tradition qui peut voyager et s&rsquo;expatrier partout !<\/p>\n\n\n\n<h3 class=\"wp-block-heading\">Quelles sont les traditions \u00e0 la Saint-Nicolas ?<\/h3>\n\n\n\n<div class=\"wp-block-columns is-layout-flex wp-container-core-columns-is-layout-9d6595d7 wp-block-columns-is-layout-flex\">\n<div class=\"wp-block-column is-layout-flow wp-block-column-is-layout-flow\" style=\"flex-basis:33.33%\">\n<p>A la Saint-Nicolas, il est de coutume de d\u00e9poser au pied de votre sapin, devant votre porte d&rsquo;entr\u00e9e ou devant la chemin\u00e9e, les souliers des petits mais aussi des grands avant d&rsquo;aller faire un gros dodo.<\/p>\n\n\n\n<p>Petit message \u00e0 vos enfants : N&rsquo;oubliez pas de glisser dans vos chaussures, une carotte ou un sucre d&rsquo;orge, la gourmandise pr\u00e9f\u00e9r\u00e9e de son fid\u00e8le \u00e2ne.<\/p>\n<\/div>\n\n\n\n<div class=\"wp-block-column is-layout-flow wp-block-column-is-layout-flow\" style=\"flex-basis:66.66%\">\n<figure class=\"wp-block-image size-large\"><img loading=\"lazy\" decoding=\"async\" width=\"1024\" height=\"683\" src=\"https:\/\/www.boutique-jourdefete.com\/blog\/wp-content\/uploads\/2022\/12\/Chaussures-saint-nicolas-1024x683.jpeg\" alt=\"Des souliers pour une petite confiserie au pied de la porte d'entr\u00e9e d\u00e9pose par Saint-Nicolas le 05 d\u00e9cembre.\" class=\"wp-image-9956\" title=\"D\u00e9couvrez les surprises d\u00e9pos\u00e9es par Saint Nicolas\" srcset=\"https:\/\/www.boutique-jourdefete.com\/blog\/wp-content\/uploads\/2022\/12\/Chaussures-saint-nicolas-1024x683.jpeg 1024w, https:\/\/www.boutique-jourdefete.com\/blog\/wp-content\/uploads\/2022\/12\/Chaussures-saint-nicolas-300x200.jpeg 300w, https:\/\/www.boutique-jourdefete.com\/blog\/wp-content\/uploads\/2022\/12\/Chaussures-saint-nicolas-768x512.jpeg 768w, https:\/\/www.boutique-jourdefete.com\/blog\/wp-content\/uploads\/2022\/12\/Chaussures-saint-nicolas-1536x1024.jpeg 1536w, https:\/\/www.boutique-jourdefete.com\/blog\/wp-content\/uploads\/2022\/12\/Chaussures-saint-nicolas-2048x1365.jpeg 2048w\" sizes=\"auto, (max-width: 1024px) 100vw, 1024px\" \/><figcaption>D\u00e9posez vos plus beaux souliers devant la chemin\u00e9e<\/figcaption><\/figure>\n<\/div>\n<\/div>\n\n\n\n<p>C&rsquo;est alors qu&rsquo;\u00e0 la nuit tomb\u00e9e, Saint-Nicolas, son petit canasson et le vilain P\u00e8re Fouettard visitent toutes les maisons. Ils en profitent pour d\u00e9poser dans chaque paire soit une friandise soit une branche de gen\u00eat pour les petits polissons.<\/p>\n\n\n\n<p>Au lendemain matin, les enfants d\u00e9couvrent leurs petits cadeaux dans leurs souliers.<\/p>\n\n\n\n<h2 class=\"wp-block-heading\">Comment on d\u00e9core sa table pour La Saint-Nicolas ?<\/h2>\n\n\n\n<p>Tout comme \u00e0 No\u00ebl, la table de Saint-Nicolas se pare des couleurs No\u00ebl. Vous pouvez d\u00e9corer votre table le soir du 05 d\u00e9cembre ou le soir du r\u00e9veillon de No\u00ebl.<\/p>\n\n\n\n<p>Chaque famille a sa d\u00e9coration pour f\u00eater cet \u00e9v\u00e8nement \u00e0 sa mani\u00e8re. Mais en r\u00e8gle g\u00e9n\u00e9rale on retrouve :<\/p>\n\n\n\n<ul class=\"wp-block-list\"><li>des oranges,<\/li><li>des pains d&rsquo;\u00e9pices,<\/li><li>des moulages en forme de Saint-Nicolas<\/li><li>ou encore des petites brioches en forme de bonhomme.<\/li><\/ul>\n\n\n\n<p>Sachez toutefois que l&rsquo;on d\u00e9core sa table principalement dans les tons de rouge et de blanc pour les enfants sages et plut\u00f4t avec du noir en rappel au charbon pour les plus terribles.<\/p>\n\n\n\n<h2 class=\"wp-block-heading\">Quel d\u00e9guisement et accessoires acheter pour se grimer en Saint-Nicolas ?<\/h2>\n\n\n\n<div class=\"wp-block-columns is-layout-flex wp-container-core-columns-is-layout-9d6595d7 wp-block-columns-is-layout-flex\">\n<div class=\"wp-block-column is-layout-flow wp-block-column-is-layout-flow\" style=\"flex-basis:66.66%\">\n<figure class=\"wp-block-image size-large\"><img loading=\"lazy\" decoding=\"async\" width=\"1024\" height=\"1024\" src=\"https:\/\/www.boutique-jourdefete.com\/blog\/wp-content\/uploads\/2022\/12\/Saint-Nicolas-1024x1024.jpeg\" alt=\"Le Saint-Nicolas dans son habit de c\u00e9r\u00e9monie pour la nuit du 05 d\u00e9cembre.\" class=\"wp-image-9959\" title=\"Le d\u00e9guisement id\u00e9al pour vous transformer en Saint-Nicolas\" srcset=\"https:\/\/www.boutique-jourdefete.com\/blog\/wp-content\/uploads\/2022\/12\/Saint-Nicolas-1024x1024.jpeg 1024w, https:\/\/www.boutique-jourdefete.com\/blog\/wp-content\/uploads\/2022\/12\/Saint-Nicolas-300x300.jpeg 300w, https:\/\/www.boutique-jourdefete.com\/blog\/wp-content\/uploads\/2022\/12\/Saint-Nicolas-150x150.jpeg 150w, https:\/\/www.boutique-jourdefete.com\/blog\/wp-content\/uploads\/2022\/12\/Saint-Nicolas-768x768.jpeg 768w, https:\/\/www.boutique-jourdefete.com\/blog\/wp-content\/uploads\/2022\/12\/Saint-Nicolas-1536x1536.jpeg 1536w, https:\/\/www.boutique-jourdefete.com\/blog\/wp-content\/uploads\/2022\/12\/Saint-Nicolas-2048x2048.jpeg 2048w, https:\/\/www.boutique-jourdefete.com\/blog\/wp-content\/uploads\/2022\/12\/Saint-Nicolas-100x100.jpeg 100w\" sizes=\"auto, (max-width: 1024px) 100vw, 1024px\" \/><figcaption>Un magnifique d\u00e9guisement de Saint-Nicolas<\/figcaption><\/figure>\n<\/div>\n\n\n\n<div class=\"wp-block-column is-layout-flow wp-block-column-is-layout-flow\" style=\"flex-basis:33.33%\">\n<p>Pour vous d\u00e9guiser en Saint-Nicolas, il vous faudra un d\u00e9guisement complet et dans l&rsquo;id\u00e9al un acolyte pour \u00eatre grimer en P\u00e8re Fouettard !<\/p>\n\n\n\n<p>Le Saint-Nicolas est dot\u00e9 d&rsquo;une robe longue et blanche, recouverte d&rsquo;un long manteau rouge et dor\u00e9 et son \u00e9tole d&rsquo;\u00e9v\u00eaque.<\/p>\n\n\n\n<p>Accessoirisez votre t\u00eate gr\u00e2ce \u00e0 une perruque, barbe et moustache blanche fris\u00e9es et terminez par la mitre.<\/p>\n<\/div>\n<\/div>\n\n\n\n<p>Jour de F\u00eate vous propose des d\u00e9guisements de Saint-Nicolas et du P\u00e8re Fouettard pour vous faire plaisir par ici : <a href=\"https:\/\/www.boutique-jourdefete.com\/noel\/themes-de-noel\/saint-nicolas\/\" target=\"_blank\" rel=\"noreferrer noopener\">https:\/\/www.boutique-jourdefete.com\/noel\/themes-de-noel\/saint-nicolas\/<\/a>.<\/p>\n\n\n\n<p>Ajoutez des gants blancs et la crosse et vous voil\u00e0 fin pr\u00eat pour le soir du 5 D\u00e9cembre.<\/p>\n","protected":false},"excerpt":{"rendered":"<p>Comment f\u00eater la Saint-Nicolas ? Bonne question voici quelques informations \u00e0 conna\u00eetre pour r\u00e9ussir sa soir\u00e9e du 05 d\u00e9cembre.<\/p>\n","protected":false},"author":3,"featured_media":9958,"comment_status":"open","ping_status":"closed","sticky":false,"template":"","format":"standard","meta":{"_acf_changed":false,"footnotes":""},"categories":[456,457,580],"tags":[602,140,595,596],"class_list":["post-9934","post","type-post","status-publish","format-standard","has-post-thumbnail","hentry","category-deguisements","category-evenements","category-reveillon-de-noel-et-du-nouvel-an","tag-decoration-2","tag-jour-de-fete","tag-noel-2","tag-saint-nicolas"],"acf":[],"_links":{"self":[{"href":"https:\/\/www.boutique-jourdefete.com\/blog\/wp-json\/wp\/v2\/posts\/9934","targetHints":{"allow":["GET"]}}],"collection":[{"href":"https:\/\/www.boutique-jourdefete.com\/blog\/wp-json\/wp\/v2\/posts"}],"about":[{"href":"https:\/\/www.boutique-jourdefete.com\/blog\/wp-json\/wp\/v2\/types\/post"}],"author":[{"embeddable":true,"href":"https:\/\/www.boutique-jourdefete.com\/blog\/wp-json\/wp\/v2\/users\/3"}],"replies":[{"embeddable":true,"href":"https:\/\/www.boutique-jourdefete.com\/blog\/wp-json\/wp\/v2\/comments?post=9934"}],"version-history":[{"count":10,"href":"https:\/\/www.boutique-jourdefete.com\/blog\/wp-json\/wp\/v2\/posts\/9934\/revisions"}],"predecessor-version":[{"id":9963,"href":"https:\/\/www.boutique-jourdefete.com\/blog\/wp-json\/wp\/v2\/posts\/9934\/revisions\/9963"}],"wp:featuredmedia":[{"embeddable":true,"href":"https:\/\/www.boutique-jourdefete.com\/blog\/wp-json\/wp\/v2\/media\/9958"}],"wp:attachment":[{"href":"https:\/\/www.boutique-jourdefete.com\/blog\/wp-json\/wp\/v2\/media?parent=9934"}],"wp:term":[{"taxonomy":"category","embeddable":true,"href":"https:\/\/www.boutique-jourdefete.com\/blog\/wp-json\/wp\/v2\/categories?post=9934"},{"taxonomy":"post_tag","embeddable":true,"href":"https:\/\/www.boutique-jourdefete.com\/blog\/wp-json\/wp\/v2\/tags?post=9934"}],"curies":[{"name":"wp","href":"https:\/\/api.w.org\/{rel}","templated":true}]}}